{"id":8707,"date":"2020-06-27T19:32:25","date_gmt":"2020-06-27T17:32:25","guid":{"rendered":"https:\/\/producersart.com\/?p=8707"},"modified":"2023-04-27T15:47:08","modified_gmt":"2023-04-27T13:47:08","slug":"fais-moi-singe-by-henrik-eiben","status":"publish","type":"post","link":"https:\/\/producersart.com\/index.php\/2020\/06\/27\/fais-moi-singe-by-henrik-eiben\/","title":{"rendered":"&#8220;Fais-moi singe&#8221; by Henrik Eiben"},"content":{"rendered":"\n\n[et_pb_section fb_built=&#8221;1&#8243; _builder_version=&#8221;4.4.8&#8243;][et_pb_row _builder_version=&#8221;4.4.8&#8243;][et_pb_column type=&#8221;4_4&#8243; _builder_version=&#8221;4.4.8&#8243;][et_pb_text _builder_version=&#8221;4.4.8&#8243;]<p>F\u00fcr die PArt-Charity-Auktion hat der international erfolgreiche K\u00fcnstler <strong>Henrik Eiben<\/strong> ein gro\u00dfformatiges Aquarell mit dem Titel \u201eFais-moi signe\u201c erreicht. Was dieser bedeutet und wie er die letzten Monate erlebt hat erz\u00e4hlt der K\u00fcnstler in diesem kompakten Sommerinterview.<\/p>[\/et_pb_text][\/et_pb_column][\/et_pb_row][\/et_pb_section][et_pb_section fb_built=&#8221;1&#8243; _builder_version=&#8221;4.4.8&#8243;][et_pb_row _builder_version=&#8221;4.4.8&#8243;][et_pb_column _builder_version=&#8221;4.4.8&#8243; type=&#8221;4_4&#8243;][et_pb_image src=&#8221;https:\/\/producersart.com\/wp-content\/uploads\/2020\/06\/67233-11C-1-scaled.jpg&#8221; _builder_version=&#8221;4.4.8&#8243; hover_enabled=&#8221;0&#8243;][\/et_pb_image][\/et_pb_column][\/et_pb_row][\/et_pb_section][et_pb_section fb_built=&#8221;1&#8243; _builder_version=&#8221;4.4.8&#8243;][et_pb_row _builder_version=&#8221;4.4.8&#8243;][et_pb_column type=&#8221;4_4&#8243; _builder_version=&#8221;4.4.8&#8243;][et_pb_video src=&#8221;https:\/\/producersart.com\/wp-content\/uploads\/2020\/06\/Henrik-Eiben.mp4&#8243; _builder_version=&#8221;4.4.8&#8243;][\/et_pb_video][\/et_pb_column][\/et_pb_row][\/et_pb_section][et_pb_section fb_built=&#8221;1&#8243; _builder_version=&#8221;4.4.8&#8243;][et_pb_row _builder_version=&#8221;4.4.8&#8243;][et_pb_column _builder_version=&#8221;4.4.8&#8243; type=&#8221;4_4&#8243;][\/et_pb_column][\/et_pb_row][\/et_pb_section]\n\n","protected":false},"excerpt":{"rendered":"<p>F\u00fcr die PArt-Charity-Auktion hat der international erfolgreiche K\u00fcnstler Henrik Eiben ein gro\u00dfformatiges Aquarell mit dem Titel \u201eFais-moi signe\u201c erreicht. Was dieser bedeutet und wie er die letzten Monate erlebt hat erz\u00e4hlt der K\u00fcnstler in diesem kompakten Sommerinterview.<\/p>\n","protected":false},"author":5,"featured_media":8708,"comment_status":"open","ping_status":"closed","sticky":false,"template":"","format":"standard","meta":{"_acf_changed":false,"_et_pb_use_builder":"on","_et_pb_old_content":"","_et_gb_content_width":"","footnotes":""},"categories":[30],"tags":[787,693,1075,527],"acf":[],"_links":{"self":[{"href":"https:\/\/producersart.com\/index.php\/wp-json\/wp\/v2\/posts\/8707"}],"collection":[{"href":"https:\/\/producersart.com\/index.php\/wp-json\/wp\/v2\/posts"}],"about":[{"href":"https:\/\/producersart.com\/index.php\/wp-json\/wp\/v2\/types\/post"}],"author":[{"embeddable":true,"href":"https:\/\/producersart.com\/index.php\/wp-json\/wp\/v2\/users\/5"}],"replies":[{"embeddable":true,"href":"https:\/\/producersart.com\/index.php\/wp-json\/wp\/v2\/comments?post=8707"}],"version-history":[{"count":4,"href":"https:\/\/producersart.com\/index.php\/wp-json\/wp\/v2\/posts\/8707\/revisions"}],"predecessor-version":[{"id":8720,"href":"https:\/\/producersart.com\/index.php\/wp-json\/wp\/v2\/posts\/8707\/revisions\/8720"}],"wp:featuredmedia":[{"embeddable":true,"href":"https:\/\/producersart.com\/index.php\/wp-json\/wp\/v2\/media\/8708"}],"wp:attachment":[{"href":"https:\/\/producersart.com\/index.php\/wp-json\/wp\/v2\/media?parent=8707"}],"wp:term":[{"taxonomy":"category","embeddable":true,"href":"https:\/\/producersart.com\/index.php\/wp-json\/wp\/v2\/categories?post=8707"},{"taxonomy":"post_tag","embeddable":true,"href":"https:\/\/producersart.com\/index.php\/wp-json\/wp\/v2\/tags?post=8707"}],"curies":[{"name":"wp","href":"https:\/\/api.w.org\/{rel}","templated":true}]}}