{"id":18205,"date":"2024-11-06T12:58:03","date_gmt":"2024-11-06T11:58:03","guid":{"rendered":"https:\/\/producersart.com\/?p=18205"},"modified":"2024-11-06T12:59:14","modified_gmt":"2024-11-06T11:59:14","slug":"heiko-wommelsdorf-zahlreiche-ausstellungen-laden-zum-horen-und-entdecken-ein","status":"publish","type":"post","link":"https:\/\/producersart.com\/index.php\/2024\/11\/06\/heiko-wommelsdorf-zahlreiche-ausstellungen-laden-zum-horen-und-entdecken-ein\/","title":{"rendered":"Heiko Wommelsdorf &#8211; zahlreiche Ausstellungen laden zum H\u00f6ren und Entdecken ein"},"content":{"rendered":"[et_pb_section fb_built=&#8221;1&#8243; _builder_version=&#8221;4.21.0&#8243; _module_preset=&#8221;default&#8221; global_colors_info=&#8221;{}&#8221;][et_pb_row _builder_version=&#8221;4.21.0&#8243; _module_preset=&#8221;default&#8221; global_colors_info=&#8221;{}&#8221;][et_pb_column type=&#8221;4_4&#8243; _builder_version=&#8221;4.21.0&#8243; _module_preset=&#8221;default&#8221; global_colors_info=&#8221;{}&#8221;][et_pb_text _builder_version=&#8221;4.21.0&#8243; _module_preset=&#8221;default&#8221; global_colors_info=&#8221;{}&#8221;]\n<p>Der Herbst ist da und bringt nicht nur kaltes Wetter mit sich, sondern auch eine wunderbare Gelegenheit, sich von den Kl\u00e4ngen der Kunstwerke des PArt-K\u00fcnstlers <a href=\"https:\/\/producersart.com\/index.php\/artists-profile\/433\/\">Heiko Wommelsdorf<\/a> w\u00e4rmen zu lassen und die Sinne zu \u00f6ffnen.\u00a0<br \/>Ob in Prag, Berlin, Hamburg oder Kiel \u2013 im November und Dezember 2024 haben Sie noch mehrfach die Gelegenheit, seine Werke in verschiedenen Gruppenausstellungen zu sehen und besonders die akustischen Dimensionen seiner Kunst zu erleben.<\/p>\n[\/et_pb_text][\/et_pb_column][\/et_pb_row][et_pb_row column_structure=&#8221;2_5,3_5&#8243; _builder_version=&#8221;4.21.0&#8243; _module_preset=&#8221;default&#8221; custom_padding=&#8221;||71px|||&#8221; global_colors_info=&#8221;{}&#8221;][et_pb_column type=&#8221;2_5&#8243; _builder_version=&#8221;4.21.0&#8243; _module_preset=&#8221;default&#8221; global_colors_info=&#8221;{}&#8221;][et_pb_image src=&#8221;https:\/\/producersart.com\/wp-content\/uploads\/2024\/11\/wommelsdorf_nizza92339803-86f5-3fd2-161a-31a50b578b6f.jpg&#8221; title_text=&#8221;wommelsdorf_nizza92339803-86f5-3fd2-161a-31a50b578b6f&#8221; _builder_version=&#8221;4.21.0&#8243; _module_preset=&#8221;default&#8221; global_colors_info=&#8221;{}&#8221;][\/et_pb_image][\/et_pb_column][et_pb_column type=&#8221;3_5&#8243; _builder_version=&#8221;4.21.0&#8243; _module_preset=&#8221;default&#8221; global_colors_info=&#8221;{}&#8221;][et_pb_text _builder_version=&#8221;4.21.0&#8243; _module_preset=&#8221;default&#8221; global_colors_info=&#8221;{}&#8221;]\n<p><span style=\"font-size: 14px;\"><span style=\"font-family: 'Noto Sans', Helvetica, sans-serif;\"><strong>Noch bis zum 16. November 2024<\/strong><br \/><\/span><\/span><span style=\"font-size: 14px;\"><span style=\"font-family: 'Noto Sans', Helvetica, sans-serif;\"><em><strong>Konduktion \u00fcber ein ruhendes Medium<\/strong> <\/em><br \/>Eine Ausstellung von Laura Killer und Heiko Wommelsdorf in der Galerie Nizza, Berlin<\/span><\/span><\/p>\n<p><strong>\u00d6ffnungszeiten:<\/strong><br \/>Mittwoch bis Samstag: 12-18 Uhr<\/p>\n<p><span style=\"font-size: 14px;\"><span style=\"font-family: 'Noto Sans', Helvetica, sans-serif;\">Einen ersten Einblick in die Ausstellung gibt es <a href=\"http:\/\/nizza.berlin\/wp-content\/uploads\/2024\/10\/Nizza03_Publi-Lay1.pdf\">hier<\/a>.<\/p>\n<p><\/span><\/span><span style=\"font-size: 14px;\"><span style=\"font-family: 'Noto Sans', Helvetica, sans-serif;\"><\/span><\/span><\/p>\n<p><span style=\"font-size: 14px;\"><span style=\"font-family: 'Noto Sans', Helvetica, sans-serif;\"><strong>Ort:<\/strong><br \/>NIZZA<br \/>Schweidnitzer Str 17<br \/>10709 Berlin<br \/><\/span><\/span><\/p>\n[\/et_pb_text][\/et_pb_column][\/et_pb_row][et_pb_row column_structure=&#8221;2_5,3_5&#8243; _builder_version=&#8221;4.21.0&#8243; _module_preset=&#8221;default&#8221; global_colors_info=&#8221;{}&#8221;][et_pb_column type=&#8221;2_5&#8243; _builder_version=&#8221;4.21.0&#8243; _module_preset=&#8221;default&#8221; global_colors_info=&#8221;{}&#8221;][et_pb_image src=&#8221;https:\/\/producersart.com\/wp-content\/uploads\/2024\/11\/wommelsdorf_Prag1a6805ed-6ab6-2889-aedf-c74cb513af1c.jpg&#8221; title_text=&#8221;wommelsdorf_Prag1a6805ed-6ab6-2889-aedf-c74cb513af1c&#8221; _builder_version=&#8221;4.21.0&#8243; _module_preset=&#8221;default&#8221; global_colors_info=&#8221;{}&#8221;][\/et_pb_image][et_pb_text _builder_version=&#8221;4.21.0&#8243; _module_preset=&#8221;default&#8221; global_colors_info=&#8221;{}&#8221;]\n<p><span style=\"font-size: 14px;\"><span style=\"font-family: 'Noto Sans', Helvetica, sans-serif;\"><strong>Ausstellende K\u00fcnstler*innen:<\/strong> <br \/>Shafeeq Alsadi, Michal C\u00e1b, Jano Doe, Leonhard Euler, Jakub H\u00e1jek &amp; Franti\u0161ek Hanousek, Marek Hlav\u00e1\u010d, Mat\u00fa\u0161 Kobolka, Sara Pinheiro, Heiko Wommelsdorf<\/span><\/span><\/p>\n<p class=\"last-child\"><strong>Ort:<\/strong><br \/>GAVU<br \/><span style=\"font-size: 14px;\"><span style=\"font-family: 'Noto Sans', Helvetica, sans-serif;\">Veletr\u017en\u00ed 61<br \/>170 00<br \/>Praha 7<\/span><\/span><\/p>\n[\/et_pb_text][\/et_pb_column][et_pb_column type=&#8221;3_5&#8243; _builder_version=&#8221;4.21.0&#8243; _module_preset=&#8221;default&#8221; global_colors_info=&#8221;{}&#8221;][et_pb_text _builder_version=&#8221;4.21.0&#8243; _module_preset=&#8221;default&#8221; global_colors_info=&#8221;{}&#8221;]\n<div data-block-id=\"16\" class=\"mceText\" id=\"dataBlockId-16\" style=\"width: 100%;\">\n<p><span style=\"font-size: 14px;\"><span style=\"font-family: 'Noto Sans', Helvetica, sans-serif;\"><strong>Noch bis zum 30. November 2024<\/strong><br \/><\/span><\/span><span style=\"font-size: 14px;\"><span style=\"font-family: 'Noto Sans', Helvetica, sans-serif;\"><em><strong>music is obsolete<br \/><\/strong><\/em>Gruppenausstellung in der GAVU Galerie, Prag<br \/><\/span><\/span><\/p>\n<p><span style=\"font-size: 14px;\"><span style=\"font-family: 'Noto Sans', Helvetica, sans-serif;\"><\/span><\/span><\/p>\n<p><span style=\"font-size: 14px;\"><span style=\"font-family: 'Noto Sans', Helvetica, sans-serif;\"><\/span><\/span><\/p>\n<p>&nbsp;<\/p>\n<p>Kann Musik altern? Hat die \u00dcberproduktion von Hintergrundger\u00e4uschen unsere Ohren so desensibilisiert, dass sie die F\u00e4higkeit verloren haben, Musik zu erkennen? Werden wir uns damit abfinden m\u00fcssen, \u201eMusik\u201c zu h\u00f6ren, die f\u00fcr uns von fortgeschrittenen Systemen komponiert wurde? Gibt es ein akustisches Landschaftsbild jenseits der Stille?<\/p>\n<p>Diese und \u00e4hnliche Fragen werden im Manifest <em>Music Is Obsolete<\/em> sowie in der dazugeh\u00f6rigen kollektiven Klangkunst-Ausstellung behandelt. Im Geist dieses Manifests kommentiert die in der Ausstellung pr\u00e4sentierte Kunst (nicht nur Klangkunst) auf lose Weise die Ver\u00e4nderungen im musikalischen Denken.<\/p>\n<\/div>\n[\/et_pb_text][\/et_pb_column][\/et_pb_row][et_pb_row column_structure=&#8221;2_5,3_5&#8243; _builder_version=&#8221;4.21.0&#8243; _module_preset=&#8221;default&#8221; custom_margin=&#8221;34px|auto||auto||&#8221; custom_padding=&#8221;||71px|||&#8221; global_colors_info=&#8221;{}&#8221;][et_pb_column type=&#8221;2_5&#8243; _builder_version=&#8221;4.21.0&#8243; _module_preset=&#8221;default&#8221; global_colors_info=&#8221;{}&#8221;][et_pb_image src=&#8221;https:\/\/producersart.com\/wp-content\/uploads\/2024\/11\/wommelsdorf_Kiele5f669d8-e1f7-9cbd-35c3-455486ad373d.jpg&#8221; title_text=&#8221;wommelsdorf_Kiele5f669d8-e1f7-9cbd-35c3-455486ad373d&#8221; _builder_version=&#8221;4.21.0&#8243; _module_preset=&#8221;default&#8221; custom_margin=&#8221;||28px|||&#8221; global_colors_info=&#8221;{}&#8221;][\/et_pb_image][et_pb_text _builder_version=&#8221;4.21.0&#8243; _module_preset=&#8221;default&#8221; global_colors_info=&#8221;{}&#8221;]\n<p><span style=\"font-size: 14px;\"><span style=\"font-family: 'Noto Sans', Helvetica, sans-serif;\"><strong>Ort:<\/strong><br \/>Muthesius Kunsthochschule<br \/>Legienstr. 35<br \/>24103 Kiel<\/span><\/span><\/p>\n[\/et_pb_text][\/et_pb_column][et_pb_column type=&#8221;3_5&#8243; _builder_version=&#8221;4.21.0&#8243; _module_preset=&#8221;default&#8221; global_colors_info=&#8221;{}&#8221;][et_pb_text _builder_version=&#8221;4.21.0&#8243; _module_preset=&#8221;default&#8221; global_colors_info=&#8221;{}&#8221;]\n<p><span style=\"font-size: 14px;\"><span style=\"font-family: 'Noto Sans', Helvetica, sans-serif;\"><strong>08.-09. November 2024 <\/strong><br \/><em><strong>Raum | Musik<\/strong><\/em><br \/>Gruppenausstellung in der Muthesius Kunsthochschule Kiel<\/p>\n<p>Der Raum, in dem sich K\u00f6rper und Musik begegnen \u2013 Ein Symposium zum Thema \u00bbRaum | Musik\u00ab, am 8.\/9. November 2024, mit \u00f6ffentlichen Konzerten, Pr\u00e4sentationen und Installationen. Veranstaltet im Kesselhaus der Muthesius Kunsthochschule und im musiculum in Kiel.<\/p>\n<p><strong>Ausstellende K\u00fcnstler*innen:<\/strong> <br \/>Hans Peter Kuhn, Sascha Lino Lemke, \u00a0Sven L\u00fctgen, Sandra Schramke, Nicola Hein, Kathrin \u00a0Kirsch, Thiemo Fr\u00f6mberg, Emilie Schmidt, Steffen Prochnow, Oliver Korte, \u00a0Joe Reinke, Heiko Wommelsdorf, Soffia Ralfsd\u00f3ttir Heese, Gor Margaryan, Nicola Hein, Goeun Kim, \u00a0Ilia Viazov, Alvin Lucier, Hauke Harder u.a.<\/span><\/span><span style=\"font-size: 14px;\"><span style=\"font-family: 'Noto Sans', Helvetica, sans-serif;\"><strong><\/strong><\/span><\/span><\/p>\n[\/et_pb_text][\/et_pb_column][\/et_pb_row][et_pb_row column_structure=&#8221;2_5,3_5&#8243; _builder_version=&#8221;4.21.0&#8243; _module_preset=&#8221;default&#8221; custom_margin=&#8221;-3px|auto||auto||&#8221; custom_padding=&#8221;||71px|||&#8221; global_colors_info=&#8221;{}&#8221;][et_pb_column type=&#8221;2_5&#8243; _builder_version=&#8221;4.21.0&#8243; _module_preset=&#8221;default&#8221; global_colors_info=&#8221;{}&#8221;][et_pb_image src=&#8221;https:\/\/producersart.com\/wp-content\/uploads\/2024\/11\/wommelsdorf_3x3x3e1a2a841-2fb9-e42d-158f-bc6dc187ca99.png&#8221; title_text=&#8221;wommelsdorf_3x3x3e1a2a841-2fb9-e42d-158f-bc6dc187ca99&#8243; _builder_version=&#8221;4.21.0&#8243; _module_preset=&#8221;default&#8221; custom_margin=&#8221;||28px|||&#8221; global_colors_info=&#8221;{}&#8221;][\/et_pb_image][et_pb_text _builder_version=&#8221;4.21.0&#8243; _module_preset=&#8221;default&#8221; global_colors_info=&#8221;{}&#8221;]\n<p><span style=\"font-size: 14px;\"><span style=\"font-family: 'Noto Sans', Helvetica, sans-serif;\"><strong>Ort:<\/strong><br \/>Babendiekstra\u00dfe 3<br \/>22587 Blankenese<\/p>\n<p><\/span><\/span><\/p>\n[\/et_pb_text][\/et_pb_column][et_pb_column type=&#8221;3_5&#8243; _builder_version=&#8221;4.21.0&#8243; _module_preset=&#8221;default&#8221; global_colors_info=&#8221;{}&#8221;][et_pb_text _builder_version=&#8221;4.21.0&#8243; _module_preset=&#8221;default&#8221; global_colors_info=&#8221;{}&#8221;]\n<p><span style=\"font-size: 14px;\"><span style=\"font-family: 'Noto Sans', Helvetica, sans-serif;\"><strong>02.-22. Dezember 2024<\/strong><br \/><em><strong>3x3x3<\/strong><\/em><br \/>Gruppenausstellung in der Babendiekstra\u00dfe 3, Hamburg<\/p>\n<p><strong>Er\u00f6ffnung:<\/strong><br \/>Samstag, 14. Dezember um 12 Uhr<\/p>\n<p>Ein privates unter Denkmalschutz stehendes Wohnhaus in Blankenese wird bespielt mit Kunst und erz\u00e4hlt so seine Geschichte weiter. Eine Gruppe von K\u00fcnstlerInnen bezieht das Haus f\u00fcr 3 Wochen, wirkt dort und am Ende \u00f6ffnen sich die T\u00fcren!<\/span><\/span><\/p>\n<p><span style=\"font-size: 14px;\"><span style=\"font-family: 'Noto Sans', Helvetica, sans-serif;\"><strong>Ausstellende K\u00fcnstler*innen:<\/strong><br \/>Beate Mohr, B\u00e4rbel Praun, Simone Kessler, Heiko Wommelsdorf<\/span><\/span><\/p>\n[\/et_pb_text][\/et_pb_column][\/et_pb_row][\/et_pb_section]\n","protected":false},"excerpt":{"rendered":"<p>26.10.-16.11.2024 \u00abKonduktion \u00fcber ein ruhendes Medium\u00bb Nizza, Berlin<\/p>\n<p>30.10.-30.11.2024 \u00abmusic is obsolete\u00bb GAVU Galerie, Prague<\/p>\n<p>08.11.-09.11.2024 \u00abRaum | Musik\u00bb Muthesius Kunsthochschule Kiel<\/p>\n<p>14.12.-22.12.2024 \u00ab3x3x3\u00bb Babendiekstra\u00dfe 3, Hamburg<\/p>\n","protected":false},"author":689,"featured_media":18206,"comment_status":"open","ping_status":"closed","sticky":false,"template":"","format":"standard","meta":{"_acf_changed":false,"_et_pb_use_builder":"on","_et_pb_old_content":"","_et_gb_content_width":"","footnotes":""},"categories":[675,674],"tags":[364,689,719,505,1279,899,359,349,353,350,1278],"acf":[],"_links":{"self":[{"href":"https:\/\/producersart.com\/index.php\/wp-json\/wp\/v2\/posts\/18205"}],"collection":[{"href":"https:\/\/producersart.com\/index.php\/wp-json\/wp\/v2\/posts"}],"about":[{"href":"https:\/\/producersart.com\/index.php\/wp-json\/wp\/v2\/types\/post"}],"author":[{"embeddable":true,"href":"https:\/\/producersart.com\/index.php\/wp-json\/wp\/v2\/users\/689"}],"replies":[{"embeddable":true,"href":"https:\/\/producersart.com\/index.php\/wp-json\/wp\/v2\/comments?post=18205"}],"version-history":[{"count":4,"href":"https:\/\/producersart.com\/index.php\/wp-json\/wp\/v2\/posts\/18205\/revisions"}],"predecessor-version":[{"id":18216,"href":"https:\/\/producersart.com\/index.php\/wp-json\/wp\/v2\/posts\/18205\/revisions\/18216"}],"wp:featuredmedia":[{"embeddable":true,"href":"https:\/\/producersart.com\/index.php\/wp-json\/wp\/v2\/media\/18206"}],"wp:attachment":[{"href":"https:\/\/producersart.com\/index.php\/wp-json\/wp\/v2\/media?parent=18205"}],"wp:term":[{"taxonomy":"category","embeddable":true,"href":"https:\/\/producersart.com\/index.php\/wp-json\/wp\/v2\/categories?post=18205"},{"taxonomy":"post_tag","embeddable":true,"href":"https:\/\/producersart.com\/index.php\/wp-json\/wp\/v2\/tags?post=18205"}],"curies":[{"name":"wp","href":"https:\/\/api.w.org\/{rel}","templated":true}]}}