{"id":14964,"date":"2022-01-28T11:15:48","date_gmt":"2022-01-28T10:15:48","guid":{"rendered":"https:\/\/producersart.com\/?p=14964"},"modified":"2023-04-19T13:33:10","modified_gmt":"2023-04-19T11:33:10","slug":"magdalena-maatkare-textile-schichtungen","status":"publish","type":"post","link":"https:\/\/producersart.com\/index.php\/2022\/01\/28\/magdalena-maatkare-textile-schichtungen\/","title":{"rendered":"Magdalena Maatkare &#8211; Textile Schichtungen"},"content":{"rendered":"\n[et_pb_section fb_built=&#8221;1&#8243; theme_builder_area=&#8221;post_content&#8221; _builder_version=&#8221;4.14.1&#8243; _module_preset=&#8221;default&#8221;][et_pb_row _builder_version=&#8221;4.14.1&#8243; _module_preset=&#8221;default&#8221; theme_builder_area=&#8221;post_content&#8221;][et_pb_column _builder_version=&#8221;4.14.1&#8243; _module_preset=&#8221;default&#8221; type=&#8221;4_4&#8243; theme_builder_area=&#8221;post_content&#8221;][et_pb_text _builder_version=&#8221;4.14.1&#8243; _module_preset=&#8221;default&#8221; theme_builder_area=&#8221;post_content&#8221; hover_enabled=&#8221;0&#8243; sticky_enabled=&#8221;0&#8243;]<p><strong>PArt Talk mit Magdalena Maatkare und Sabine Adler<\/strong><\/p>[\/et_pb_text][\/et_pb_column][\/et_pb_row][et_pb_row _builder_version=&#8221;4.14.1&#8243; _module_preset=&#8221;default&#8221; column_structure=&#8221;1_2,1_2&#8243; theme_builder_area=&#8221;post_content&#8221; custom_margin=&#8221;-38px|auto||auto||&#8221;][et_pb_column _builder_version=&#8221;4.14.1&#8243; _module_preset=&#8221;default&#8221; type=&#8221;1_2&#8243; theme_builder_area=&#8221;post_content&#8221;][et_pb_text _builder_version=&#8221;4.14.1&#8243; _module_preset=&#8221;default&#8221; theme_builder_area=&#8221;post_content&#8221; hover_enabled=&#8221;0&#8243; sticky_enabled=&#8221;0&#8243;]<p>Magdalena Maatkare setzt in ihren Collagen bunt-gemusterte Waxprint-Stoffe aus Westafrika zu energetisch starken Farbkompositionen zusammen. Durch das Schichten verschiedener Muster, die bereits alle eine eigene Bedeutung aus ihrem urspr\u00fcnglichen Nutzungskontext mitbringen, l\u00e4sst die K\u00fcnstlerin in ihren Werken neue Geschichten entstehen. \u00dcber ihre Arbeiten sagt sie selbst: \u201eMeine Bilder sind Medien f\u00fcr eine bewusstseinserweiterte Erfahrungsebene und Quellen der Heilung\u201c.<\/p>\n<p>Im PArt Talk mit der Kunsthistorikerin Sabine Adler erkl\u00e4rt Magdalena Maatkare, woher ihr K\u00fcnstlername eigentlich stammt und warum sie sich zu Westafrika so verbunden f\u00fchlt.<\/p>[\/et_pb_text][\/et_pb_column][et_pb_column _builder_version=&#8221;4.14.1&#8243; _module_preset=&#8221;default&#8221; type=&#8221;1_2&#8243; theme_builder_area=&#8221;post_content&#8221;][et_pb_image src=&#8221;https:\/\/producersart.com\/wp-content\/uploads\/2021\/08\/Sing-with-the-birds-scaled.jpg&#8221; _builder_version=&#8221;4.14.1&#8243; _module_preset=&#8221;default&#8221; theme_builder_area=&#8221;post_content&#8221; title_text=&#8221;Sing with the birds&#8221; url=&#8221;https:\/\/producersart.com\/index.php\/product\/sing-with-the-birds\/&#8221; hover_enabled=&#8221;0&#8243; sticky_enabled=&#8221;0&#8243; custom_margin=&#8221;1px|||||&#8221;][\/et_pb_image][\/et_pb_column][\/et_pb_row][et_pb_row _builder_version=&#8221;4.14.1&#8243; _module_preset=&#8221;default&#8221; theme_builder_area=&#8221;post_content&#8221;][et_pb_column _builder_version=&#8221;4.14.1&#8243; _module_preset=&#8221;default&#8221; type=&#8221;4_4&#8243; theme_builder_area=&#8221;post_content&#8221;][et_pb_video src=&#8221;https:\/\/producersart.com\/wp-content\/uploads\/2022\/01\/Part-Talk-Magdalena-Maatkare-1.mp4&#8243; _builder_version=&#8221;4.14.1&#8243; _module_preset=&#8221;default&#8221; theme_builder_area=&#8221;post_content&#8221; title_text=&#8221;Part Talk Magdalena Maatkare-1&#8243; hover_enabled=&#8221;0&#8243; sticky_enabled=&#8221;0&#8243;][\/et_pb_video][et_pb_text _builder_version=&#8221;4.14.1&#8243; _module_preset=&#8221;default&#8221; theme_builder_area=&#8221;post_content&#8221; hover_enabled=&#8221;0&#8243; sticky_enabled=&#8221;0&#8243; custom_padding=&#8221;19px|||||&#8221;]<p>Zum K\u00fcnstlerinprofil von Magdalena Maatkare geht es <a href=\"https:\/\/producersart.com\/index.php\/artists-profile\/669\/\">hier<\/a>.<\/p>[\/et_pb_text][\/et_pb_column][\/et_pb_row][\/et_pb_section]\n","protected":false},"excerpt":{"rendered":"<p>PArt Talk mit Magdalena Maatkare und Sabine Adler<\/p>\n","protected":false},"author":689,"featured_media":14965,"comment_status":"open","ping_status":"closed","sticky":false,"template":"","format":"standard","meta":{"_acf_changed":false,"_et_pb_use_builder":"on","_et_pb_old_content":"","_et_gb_content_width":"","footnotes":""},"categories":[30],"tags":[554,1061,1086,1076],"acf":[],"_links":{"self":[{"href":"https:\/\/producersart.com\/index.php\/wp-json\/wp\/v2\/posts\/14964"}],"collection":[{"href":"https:\/\/producersart.com\/index.php\/wp-json\/wp\/v2\/posts"}],"about":[{"href":"https:\/\/producersart.com\/index.php\/wp-json\/wp\/v2\/types\/post"}],"author":[{"embeddable":true,"href":"https:\/\/producersart.com\/index.php\/wp-json\/wp\/v2\/users\/689"}],"replies":[{"embeddable":true,"href":"https:\/\/producersart.com\/index.php\/wp-json\/wp\/v2\/comments?post=14964"}],"version-history":[{"count":2,"href":"https:\/\/producersart.com\/index.php\/wp-json\/wp\/v2\/posts\/14964\/revisions"}],"predecessor-version":[{"id":14969,"href":"https:\/\/producersart.com\/index.php\/wp-json\/wp\/v2\/posts\/14964\/revisions\/14969"}],"wp:featuredmedia":[{"embeddable":true,"href":"https:\/\/producersart.com\/index.php\/wp-json\/wp\/v2\/media\/14965"}],"wp:attachment":[{"href":"https:\/\/producersart.com\/index.php\/wp-json\/wp\/v2\/media?parent=14964"}],"wp:term":[{"taxonomy":"category","embeddable":true,"href":"https:\/\/producersart.com\/index.php\/wp-json\/wp\/v2\/categories?post=14964"},{"taxonomy":"post_tag","embeddable":true,"href":"https:\/\/producersart.com\/index.php\/wp-json\/wp\/v2\/tags?post=14964"}],"curies":[{"name":"wp","href":"https:\/\/api.w.org\/{rel}","templated":true}]}}